{"id":122,"date":"2017-03-21T10:17:04","date_gmt":"2017-03-21T09:17:04","guid":{"rendered":"http:\/\/www.brezhonegbrovear.bzh\/blog\/?p=122"},"modified":"2017-05-02T10:41:26","modified_gmt":"2017-05-02T08:41:26","slug":"an-daou-dort-kontadenn","status":"publish","type":"post","link":"https:\/\/www.brezhonegbrovear.bzh\/blog\/2017\/03\/21\/an-daou-dort-kontadenn\/","title":{"rendered":"An daou dort (kontadenn) \/ Les deux bossus (conte)"},"content":{"rendered":"<p>Dre an avani n&rsquo;eus ket nemeur a danvez pedagogel en yezh Treger e vo kinniget ama\u00f1, tamm bihan ha tamm bihan, danvez d&rsquo;ar skolio\u00f9. Krog e oamp gant <a href=\"https:\/\/www.brezhonegbrovear.bzh\/blog\/2017\/02\/25\/al-loened-mor\/\">al loened-mor<\/a> hag o anvio\u00f9 tregeriek. Ama\u00f1 dindan e kavfet ur gontadenn anveet bet dastumet gant Fa\u00f1ch An Uhel : An daou dort. Kempennet hag enrollet eo bet ganin en he stumm tregeriek. An destenn ha div fichenn poelladenno\u00f9 (live CE1-CE2) a gavfet da heuli.<\/p>\n<p>&nbsp;<\/p>\n<p><em>Etant donn\u00e9 qu&rsquo;il n&rsquo;y a gu\u00e8re de mat\u00e9riel p\u00e9dagogique dans le dialecte tr\u00e9gorrois, nous proposerons ici, petit-\u00e0-petit, des ressources p\u00e9dagogiques pour les \u00e9coles. Nous avions d\u00e9but\u00e9 avec <a href=\"https:\/\/www.brezhonegbrovear.bzh\/blog\/2017\/02\/25\/al-loened-mor\/\">les animaux marins<\/a> et leurs d\u00e9nominations tr\u00e9gorroises. Ci-dessous vous trouverez un conte connu collect\u00e9 par Fran\u00e7ois Luzel : les deux bossus. Je l&rsquo;ai adapt\u00e9 et enregistr\u00e9 dans sa version tr\u00e9gorroise. Le texte et deux fiches d&rsquo;exercices (niveau CE1-CE2) sont \u00e0 t\u00e9l\u00e9charger.<\/em><\/p>\n<p><!--more--><\/p>\n<p>&nbsp;<\/p>\n<audio class=\"wp-audio-shortcode\" id=\"audio-122-1\" preload=\"none\" style=\"width: 100%;\" controls=\"controls\"><source type=\"audio\/mpeg\" src=\"https:\/\/www.brezhonegbrovear.bzh\/blog\/wp-content\/uploads\/2017\/03\/an_daou_dort.mp3?_=1\" \/><a href=\"https:\/\/www.brezhonegbrovear.bzh\/blog\/wp-content\/uploads\/2017\/03\/an_daou_dort.mp3\">https:\/\/www.brezhonegbrovear.bzh\/blog\/wp-content\/uploads\/2017\/03\/an_daou_dort.mp3<\/a><\/audio>\n<p>Lodenn 1 : 0&rsquo;00 \/ Lodenn 2 : 2&rsquo;48<\/p>\n<p>Pellgarga\u00f1 an destenn (<a href=\"https:\/\/www.brezhonegbrovear.bzh\/blog\/wp-content\/uploads\/2017\/03\/An-daou-dort.docx\">.docx<\/a> pe <a href=\"https:\/\/www.brezhonegbrovear.bzh\/blog\/wp-content\/uploads\/2017\/03\/An-daou-dort.pdf\">.pdf<\/a>).<\/p>\n<p>Pellgarga\u00f1 ar poelladenno\u00f9 1 (<a href=\"https:\/\/www.brezhonegbrovear.bzh\/blog\/wp-content\/uploads\/2017\/03\/An-daou-dort-Poelladenno\u00f9-1.docx\">.docx<\/a> pe <a href=\"https:\/\/www.brezhonegbrovear.bzh\/blog\/wp-content\/uploads\/2017\/03\/An-daou-dort-Poelladenno\u00f9-1.pdf\">.pdf<\/a>).<\/p>\n<p>Pellgarga\u00f1 ar poelladenno\u00f9 2 (<a href=\"https:\/\/www.brezhonegbrovear.bzh\/blog\/wp-content\/uploads\/2017\/03\/An-daou-dort-Poelladenno\u00f9-2.docx\">.docx<\/a> pe <a href=\"https:\/\/www.brezhonegbrovear.bzh\/blog\/wp-content\/uploads\/2017\/03\/An-daou-dort-Poelladenno\u00f9-2.pdf\">.pdf<\/a>).<\/p>\n","protected":false},"excerpt":{"rendered":"<p>Dre an avani n&rsquo;eus ket nemeur a danvez pedagogel en yezh Treger e vo kinniget ama\u00f1, tamm bihan ha tamm bihan, danvez d&rsquo;ar skolio\u00f9. Krog e oamp gant al loened-mor hag o anvio\u00f9 tregeriek. Ama\u00f1 dindan e kavfet ur gontadenn anveet bet dastumet gant Fa\u00f1ch An Uhel : An daou dort. Kempennet hag enrollet eo bet ganin en he stumm tregeriek. An destenn ha div fichenn poelladenno\u00f9 (live CE1-CE2) a gavfet da heuli. &nbsp; Etant donn\u00e9 qu&rsquo;il n&rsquo;y a gu\u00e8re&#8230;<\/p>\n<p class=\"read-more\"><a class=\"btn btn-default\" href=\"https:\/\/www.brezhonegbrovear.bzh\/blog\/2017\/03\/21\/an-daou-dort-kontadenn\/\">Lire la suite<span class=\"screen-reader-text\"> Lire la suite<\/span><\/a><\/p>\n","protected":false},"author":2,"featured_media":0,"comment_status":"open","ping_status":"closed","sticky":false,"template":"","format":"standard","meta":{"footnotes":""},"categories":[17],"tags":[29,28,30],"class_list":["post-122","post","type-post","status-publish","format-standard","hentry","category-danvez-evit-ar-skoliou","tag-fanch-an-uhel","tag-kontadenn","tag-poelladennou"],"_links":{"self":[{"href":"https:\/\/www.brezhonegbrovear.bzh\/blog\/wp-json\/wp\/v2\/posts\/122","targetHints":{"allow":["GET"]}}],"collection":[{"href":"https:\/\/www.brezhonegbrovear.bzh\/blog\/wp-json\/wp\/v2\/posts"}],"about":[{"href":"https:\/\/www.brezhonegbrovear.bzh\/blog\/wp-json\/wp\/v2\/types\/post"}],"author":[{"embeddable":true,"href":"https:\/\/www.brezhonegbrovear.bzh\/blog\/wp-json\/wp\/v2\/users\/2"}],"replies":[{"embeddable":true,"href":"https:\/\/www.brezhonegbrovear.bzh\/blog\/wp-json\/wp\/v2\/comments?post=122"}],"version-history":[{"count":9,"href":"https:\/\/www.brezhonegbrovear.bzh\/blog\/wp-json\/wp\/v2\/posts\/122\/revisions"}],"predecessor-version":[{"id":191,"href":"https:\/\/www.brezhonegbrovear.bzh\/blog\/wp-json\/wp\/v2\/posts\/122\/revisions\/191"}],"wp:attachment":[{"href":"https:\/\/www.brezhonegbrovear.bzh\/blog\/wp-json\/wp\/v2\/media?parent=122"}],"wp:term":[{"taxonomy":"category","embeddable":true,"href":"https:\/\/www.brezhonegbrovear.bzh\/blog\/wp-json\/wp\/v2\/categories?post=122"},{"taxonomy":"post_tag","embeddable":true,"href":"https:\/\/www.brezhonegbrovear.bzh\/blog\/wp-json\/wp\/v2\/tags?post=122"}],"curies":[{"name":"wp","href":"https:\/\/api.w.org\/{rel}","templated":true}]}}