{"id":164,"date":"2017-05-02T10:38:47","date_gmt":"2017-05-02T08:38:47","guid":{"rendered":"http:\/\/www.brezhonegbrovear.bzh\/blog\/?p=164"},"modified":"2017-05-02T20:46:22","modified_gmt":"2017-05-02T18:46:22","slug":"an-danserien-noz","status":"publish","type":"post","link":"https:\/\/www.brezhonegbrovear.bzh\/blog\/2017\/05\/02\/an-danserien-noz\/","title":{"rendered":"An da\u00f1serien-noz (kontadenn) \/ Les danseurs de nuit (conte)"},"content":{"rendered":"<p>Ur gontadenn all bet dastumet gant Fa\u00f1ch an Uhel zo propozet ama\u00f1, un tamm mat hirroc&rsquo;h <a href=\"https:\/\/www.brezhonegbrovear.bzh\/blog\/2017\/03\/21\/an-daou-dort-kontadenn\/\">evit eben<\/a>. Kaoz e vez adarre e-barzh deus ar gornandoned. Aezetaet eo bet an destenn un tamm. Troc&rsquo;het eo bet en 5 lodenn abalamour da labourat warni gant bugale CE1-CE2. Ur briziadenn a zo da heuli.<\/p>\n<p><em>Nous proposons ici un autre conte collect\u00e9 par Fran\u00e7ois Luzel, bien plus long que <a href=\"https:\/\/www.brezhonegbrovear.bzh\/blog\/2017\/03\/21\/an-daou-dort-kontadenn\/\">le pr\u00e9c\u00e9dent<\/a>. On y parle \u00e0 nouveau des \u00ab\u00a0kornandoned\u00a0\u00bb, les korrigans tr\u00e9gorrois, bien qu&rsquo;ils ne soient pas au centre de l&rsquo;histoire. Le texte a \u00e9t\u00e9 l\u00e9g\u00e8rement simplifi\u00e9. Il a \u00e9t\u00e9 coup\u00e9 en 5 parties afin de pouvoir le travailler avec\u00a0 des \u00e9l\u00e8ves de CE1-CE2. Une \u00e9valuation est \u00e9galement comprise.<\/em><\/p>\n<p><!--more--><\/p>\n<p>Kavet a ra din eo interesant-kaer labourat war kontadenno\u00f9 evel-henn. Dre an danvez zo e-barzh e vez laket ar vugale d&rsquo;anveet un tamm deus sevenadur o bro\u00a0(\u00ab\u00a0ar gornandoned\u00a0\u00bb aze). Evit ar pezh a sell an \u00ab\u00a0deski\u00f1 brezhoneg\u00a0\u00bb e tegas bern trao\u00f9 d&rsquo;ar vugale. Laket e vezont da selaou da genta\u00f1, dezhe da glevet stummio\u00f9 yezh mat. Diwar-se e vezont laket da gaozeal ha da esa kompren ar pezh &lsquo;neuint klevet. Un dalvoudegezh vras &lsquo;neus al labour dre-gomz-se. Goude neuze e vez labouret war ar skrid : lenn an destenn a vouezh uhel hag ober poelladenno\u00f9 war feuilhenn. Kavet a ra din e vez aezetaet al lenn oc&rsquo;h ober evel-se, dre ma vez rekouret ar skolidi gant ar gontadenn bet selaouet gante da genta\u00f1. Arriet a reont da gevrea\u00f1 gwelloc&rsquo;h ar stummio\u00f9 skrivet deus ar stummio\u00f9 komzet, ha ton a lakeont aezetoc&rsquo;h d&rsquo;al lenn.<\/p>\n<p>Mersi bras da Malo ar Menn ha TES evit an tresadenno\u00f9.<\/p>\n<audio class=\"wp-audio-shortcode\" id=\"audio-164-1\" preload=\"none\" style=\"width: 100%;\" controls=\"controls\"><source type=\"audio\/mpeg\" src=\"https:\/\/www.brezhonegbrovear.bzh\/blog\/wp-content\/uploads\/2017\/04\/an_danserien_noz.mp3?_=1\" \/><a href=\"https:\/\/www.brezhonegbrovear.bzh\/blog\/wp-content\/uploads\/2017\/04\/an_danserien_noz.mp3\">https:\/\/www.brezhonegbrovear.bzh\/blog\/wp-content\/uploads\/2017\/04\/an_danserien_noz.mp3<\/a><\/audio>\n<p>&nbsp;<\/p>\n<p>Lodenn 1 : 0&rsquo;00 \/ Lodenn 2 : 1&rsquo;24 \/ Lodenn 3 : 4&rsquo;54 \/ Lodenn 4 : 8&rsquo;02 \/ Lodenn 5 : 8&rsquo;47<\/p>\n<p>Pellgarga\u00f1 an destenn (<a href=\"https:\/\/www.brezhonegbrovear.bzh\/blog\/wp-content\/uploads\/2017\/05\/An-da\u00f1serien-noz-kempennet.docx\">.docx<\/a> pe <a href=\"https:\/\/www.brezhonegbrovear.bzh\/blog\/wp-content\/uploads\/2017\/05\/An-da\u00f1serien-noz-kempennet.pdf\">.pdf<\/a>)<\/p>\n<p>Pellgarga\u00f1 ar poelladenno\u00f9 1 (<a href=\"https:\/\/www.brezhonegbrovear.bzh\/blog\/wp-content\/uploads\/2017\/05\/An-da\u00f1serien-noz-Poelladenno\u00f9-1.docx\">.docx<\/a> pe <a href=\"https:\/\/www.brezhonegbrovear.bzh\/blog\/wp-content\/uploads\/2017\/05\/An-da\u00f1serien-noz-Poelladenno\u00f9-1.pdf\">.pdf<\/a>)<\/p>\n<p>Pellgarga\u00f1 ar poelladenno\u00f9 1bis (<a href=\"https:\/\/www.brezhonegbrovear.bzh\/blog\/wp-content\/uploads\/2017\/05\/An-da\u00f1serien-noz-Poelladenno\u00f9-1bis.docx\">.docx<\/a> pe <a href=\"https:\/\/www.brezhonegbrovear.bzh\/blog\/wp-content\/uploads\/2017\/05\/An-da\u00f1serien-noz-Poelladenno\u00f9-1bis.pdf\">.pdf<\/a>)<\/p>\n<p>Pellgarga\u00f1 ar poelladenno\u00f9 2 (<a href=\"https:\/\/www.brezhonegbrovear.bzh\/blog\/wp-content\/uploads\/2017\/05\/An-da\u00f1serien-noz-Poelladenno\u00f9-2.docx\">.docx<\/a> pe <a href=\"https:\/\/www.brezhonegbrovear.bzh\/blog\/wp-content\/uploads\/2017\/05\/An-da\u00f1serien-noz-Poelladenno\u00f9-2.pdf\">.pdf<\/a>)<\/p>\n<p>Pellgarga\u00f1 ar poelladenno\u00f9 3 (<a href=\"https:\/\/www.brezhonegbrovear.bzh\/blog\/wp-content\/uploads\/2017\/05\/An-da\u00f1serien-noz-Poelladenno\u00f9-3.docx\">.docx<\/a> pe <a href=\"https:\/\/www.brezhonegbrovear.bzh\/blog\/wp-content\/uploads\/2017\/05\/An-da\u00f1serien-noz-Poelladenno\u00f9-3.pdf\">.pdf<\/a>)<\/p>\n<p>Pellgarga\u00f1 ar poelladenno\u00f9 4 (<a href=\"https:\/\/www.brezhonegbrovear.bzh\/blog\/wp-content\/uploads\/2017\/05\/An-da\u00f1serien-noz-Poelladenno\u00f9-4.docx\">.docx<\/a> pe <a href=\"https:\/\/www.brezhonegbrovear.bzh\/blog\/wp-content\/uploads\/2017\/05\/An-da\u00f1serien-noz-Poelladenno\u00f9-4.pdf\">.pdf<\/a>)<\/p>\n<p>Pellgarga\u00f1 ar poelladenno\u00f9 5 (<a href=\"https:\/\/www.brezhonegbrovear.bzh\/blog\/wp-content\/uploads\/2017\/05\/An-da\u00f1serien-noz-Poelladenno\u00f9-5.docx\">.docx<\/a> pe <a href=\"https:\/\/www.brezhonegbrovear.bzh\/blog\/wp-content\/uploads\/2017\/05\/An-da\u00f1serien-noz-Poelladenno\u00f9-5.pdf\">.pdf<\/a>)<\/p>\n<p>Pellgarga\u00f1 ar briziadenn (<a href=\"https:\/\/www.brezhonegbrovear.bzh\/blog\/wp-content\/uploads\/2017\/05\/An-da\u00f1serien-noz-Priziadenn-CE2.docx\">.docx<\/a> pe <a href=\"https:\/\/www.brezhonegbrovear.bzh\/blog\/wp-content\/uploads\/2017\/05\/An-da\u00f1serien-noz-Priziadenn-CE2.pdf\">.pdf<\/a>)<\/p>\n<p>Selaou ar gontadenn war lec&rsquo;hienn TES : <a href=\"http:\/\/www.reseau-canope.fr\/tes\/enrolladennou.php?diell=106\">yezh Leon<\/a> &#8211; <a href=\"http:\/\/www.reseau-canope.fr\/tes\/enrolladennou.php?diell=91\">yezh Gwened<\/a><\/p>\n<p>&nbsp;<\/p>\n","protected":false},"excerpt":{"rendered":"<p>Ur gontadenn all bet dastumet gant Fa\u00f1ch an Uhel zo propozet ama\u00f1, un tamm mat hirroc&rsquo;h evit eben. Kaoz e vez adarre e-barzh deus ar gornandoned. Aezetaet eo bet an destenn un tamm. Troc&rsquo;het eo bet en 5 lodenn abalamour da labourat warni gant bugale CE1-CE2. Ur briziadenn a zo da heuli. Nous proposons ici un autre conte collect\u00e9 par Fran\u00e7ois Luzel, bien plus long que le pr\u00e9c\u00e9dent. On y parle \u00e0 nouveau des \u00ab\u00a0kornandoned\u00a0\u00bb, les korrigans tr\u00e9gorrois, bien qu&rsquo;ils&#8230;<\/p>\n<p class=\"read-more\"><a class=\"btn btn-default\" href=\"https:\/\/www.brezhonegbrovear.bzh\/blog\/2017\/05\/02\/an-danserien-noz\/\">Lire la suite<span class=\"screen-reader-text\"> Lire la suite<\/span><\/a><\/p>\n","protected":false},"author":2,"featured_media":0,"comment_status":"open","ping_status":"closed","sticky":false,"template":"","format":"standard","meta":{"footnotes":""},"categories":[17],"tags":[45,29,28,46],"class_list":["post-164","post","type-post","status-publish","format-standard","hentry","category-danvez-evit-ar-skoliou","tag-conte","tag-fanch-an-uhel","tag-kontadenn","tag-kornandoned"],"_links":{"self":[{"href":"https:\/\/www.brezhonegbrovear.bzh\/blog\/wp-json\/wp\/v2\/posts\/164","targetHints":{"allow":["GET"]}}],"collection":[{"href":"https:\/\/www.brezhonegbrovear.bzh\/blog\/wp-json\/wp\/v2\/posts"}],"about":[{"href":"https:\/\/www.brezhonegbrovear.bzh\/blog\/wp-json\/wp\/v2\/types\/post"}],"author":[{"embeddable":true,"href":"https:\/\/www.brezhonegbrovear.bzh\/blog\/wp-json\/wp\/v2\/users\/2"}],"replies":[{"embeddable":true,"href":"https:\/\/www.brezhonegbrovear.bzh\/blog\/wp-json\/wp\/v2\/comments?post=164"}],"version-history":[{"count":6,"href":"https:\/\/www.brezhonegbrovear.bzh\/blog\/wp-json\/wp\/v2\/posts\/164\/revisions"}],"predecessor-version":[{"id":167,"href":"https:\/\/www.brezhonegbrovear.bzh\/blog\/wp-json\/wp\/v2\/posts\/164\/revisions\/167"}],"wp:attachment":[{"href":"https:\/\/www.brezhonegbrovear.bzh\/blog\/wp-json\/wp\/v2\/media?parent=164"}],"wp:term":[{"taxonomy":"category","embeddable":true,"href":"https:\/\/www.brezhonegbrovear.bzh\/blog\/wp-json\/wp\/v2\/categories?post=164"},{"taxonomy":"post_tag","embeddable":true,"href":"https:\/\/www.brezhonegbrovear.bzh\/blog\/wp-json\/wp\/v2\/tags?post=164"}],"curies":[{"name":"wp","href":"https:\/\/api.w.org\/{rel}","templated":true}]}}