{"id":228,"date":"2017-09-07T19:02:05","date_gmt":"2017-09-07T17:02:05","guid":{"rendered":"http:\/\/www.brezhonegbrovear.bzh\/blog\/?p=228"},"modified":"2017-11-11T10:20:31","modified_gmt":"2017-11-11T09:20:31","slug":"pennad-kaoz-evit-an-telegramm","status":"publish","type":"post","link":"https:\/\/www.brezhonegbrovear.bzh\/blog\/2017\/09\/07\/pennad-kaoz-evit-an-telegramm\/","title":{"rendered":"Pennad-kaoz evit an Telegramm \/ Interview dans le T\u00e9l\u00e9gramme"},"content":{"rendered":"<p>Herie zo bet embannet gant un Telegramm er bajenn vrezhonek <a href=\"http:\/\/www.letelegramme.fr\/bretagne\/spered-ar-vro\/goulenn-ar-miz-peseurt-brezhoneg-deskin-er-skol-ha-d-ober-petra-06-09-2017-11653279.php\">ur pennad-kaoz diwar-benn ma sell war ar brezhoneg ha kelenn ar brezhoneg<\/a>.<\/p>\n<p><em>Aujourd&rsquo;hui est parue dans le T\u00e9l\u00e9gramme, en page breton, <a href=\"http:\/\/www.letelegramme.fr\/bretagne\/spered-ar-vro\/goulenn-ar-miz-peseurt-brezhoneg-deskin-er-skol-ha-d-ober-petra-06-09-2017-11653279.php\">une interview \u00e0 propos de mon regard sur le breton et l&rsquo;enseignement du breton.<\/a><\/em><\/p>\n","protected":false},"excerpt":{"rendered":"<p>Herie zo bet embannet gant un Telegramm er bajenn vrezhonek ur pennad-kaoz diwar-benn ma sell war ar brezhoneg ha kelenn ar brezhoneg. Aujourd&rsquo;hui est parue dans le T\u00e9l\u00e9gramme, en page breton, une interview \u00e0 propos de mon regard sur le breton et l&rsquo;enseignement du breton.<\/p>\n","protected":false},"author":2,"featured_media":0,"comment_status":"open","ping_status":"closed","sticky":false,"template":"","format":"standard","meta":{"footnotes":""},"categories":[3],"tags":[],"class_list":["post-228","post","type-post","status-publish","format-standard","hentry","category-en-em-sonjal"],"_links":{"self":[{"href":"https:\/\/www.brezhonegbrovear.bzh\/blog\/wp-json\/wp\/v2\/posts\/228","targetHints":{"allow":["GET"]}}],"collection":[{"href":"https:\/\/www.brezhonegbrovear.bzh\/blog\/wp-json\/wp\/v2\/posts"}],"about":[{"href":"https:\/\/www.brezhonegbrovear.bzh\/blog\/wp-json\/wp\/v2\/types\/post"}],"author":[{"embeddable":true,"href":"https:\/\/www.brezhonegbrovear.bzh\/blog\/wp-json\/wp\/v2\/users\/2"}],"replies":[{"embeddable":true,"href":"https:\/\/www.brezhonegbrovear.bzh\/blog\/wp-json\/wp\/v2\/comments?post=228"}],"version-history":[{"count":6,"href":"https:\/\/www.brezhonegbrovear.bzh\/blog\/wp-json\/wp\/v2\/posts\/228\/revisions"}],"predecessor-version":[{"id":246,"href":"https:\/\/www.brezhonegbrovear.bzh\/blog\/wp-json\/wp\/v2\/posts\/228\/revisions\/246"}],"wp:attachment":[{"href":"https:\/\/www.brezhonegbrovear.bzh\/blog\/wp-json\/wp\/v2\/media?parent=228"}],"wp:term":[{"taxonomy":"category","embeddable":true,"href":"https:\/\/www.brezhonegbrovear.bzh\/blog\/wp-json\/wp\/v2\/categories?post=228"},{"taxonomy":"post_tag","embeddable":true,"href":"https:\/\/www.brezhonegbrovear.bzh\/blog\/wp-json\/wp\/v2\/tags?post=228"}],"curies":[{"name":"wp","href":"https:\/\/api.w.org\/{rel}","templated":true}]}}