{"id":238,"date":"2017-10-25T18:42:22","date_gmt":"2017-10-25T16:42:22","guid":{"rendered":"http:\/\/www.brezhonegbrovear.bzh\/blog\/?p=238"},"modified":"2017-11-25T16:04:34","modified_gmt":"2017-11-25T15:04:34","slug":"ar-brezhoneg-dre-an-hentou-treuz","status":"publish","type":"post","link":"https:\/\/www.brezhonegbrovear.bzh\/blog\/2017\/10\/25\/ar-brezhoneg-dre-an-hentou-treuz\/","title":{"rendered":"Ar brezhoneg dre an hento\u00f9 treuz \/ Le breton par les chemins de traverse"},"content":{"rendered":"<p><img loading=\"lazy\" decoding=\"async\" class=\"size-medium wp-image-242 aligncenter\" src=\"https:\/\/www.brezhonegbrovear.bzh\/blog\/wp-content\/uploads\/2017\/10\/Skritell-213x300.jpg\" alt=\"\" width=\"213\" height=\"300\" srcset=\"https:\/\/www.brezhonegbrovear.bzh\/blog\/wp-content\/uploads\/2017\/10\/Skritell-213x300.jpg 213w, https:\/\/www.brezhonegbrovear.bzh\/blog\/wp-content\/uploads\/2017\/10\/Skritell-192x270.jpg 192w, https:\/\/www.brezhonegbrovear.bzh\/blog\/wp-content\/uploads\/2017\/10\/Skritell.jpg 681w\" sizes=\"auto, (max-width: 213px) 100vw, 213px\" \/><\/p>\n<p>Sell aze ur stummadur nevez-flamm kinniget gant Hent Don hag ar Fiselerezh. N&rsquo;eo ket da deski\u00f1 brezhoneg avat. Mont e-mesk ar vrezhonegerien a-vihanik ha darempredi\u00f1 anezhe ne l\u00e2ran ket. En Rostrenn e vo delc&rsquo;het ar staj kenta\u00f1, e-pad div sadornvezh : d&rsquo;ar 04\/11 ha d&rsquo;an 02\/12.\u00a0 Leun eo dija, n&rsquo;eus ket plas ebet ken.<\/p>\n<p>An eil a vo delc&rsquo;het en Bear, d&rsquo;ar 24\/02 ha d&rsquo;ar 24\/03. Ma oc&rsquo;h intereset degasit kelo\u00f9 dimp !<\/p>\n<p><em>Voil\u00e0 une formation qui vient de se cr\u00e9er, organis\u00e9e par Hent Don et la Fiselerie. Pas pour apprendre le breton, mais plut\u00f4t pour apprendre \u00e0 fr\u00e9quenter les locuteurs natifs et \u00e0 utiliser le breton avec eux. Le premier stage se tiendra \u00e0 Rostrenn durant deux samedis : le 04\/11 et le 02\/12. Il n&rsquo;y a plus de place.<\/em><\/p>\n<p><em>Le deuxi\u00e8me se tiendra \u00e0 Bear, les 24\/02 et les 24\/03. Si vous \u00eates int\u00e9ress\u00e9s, \u00e9crivez-nous !<\/em><\/p>\n","protected":false},"excerpt":{"rendered":"<p>Sell aze ur stummadur nevez-flamm kinniget gant Hent Don hag ar Fiselerezh. N&rsquo;eo ket da deski\u00f1 brezhoneg avat. Mont e-mesk ar vrezhonegerien a-vihanik ha darempredi\u00f1 anezhe ne l\u00e2ran ket. En Rostrenn e vo delc&rsquo;het ar staj kenta\u00f1, e-pad div sadornvezh : d&rsquo;ar 04\/11 ha d&rsquo;an 02\/12.\u00a0 Leun eo dija, n&rsquo;eus ket plas ebet ken. An eil a vo delc&rsquo;het en Bear, d&rsquo;ar 24\/02 ha d&rsquo;ar 24\/03. Ma oc&rsquo;h intereset degasit kelo\u00f9 dimp ! Voil\u00e0 une formation qui vient de se&#8230;<\/p>\n<p class=\"read-more\"><a class=\"btn btn-default\" href=\"https:\/\/www.brezhonegbrovear.bzh\/blog\/2017\/10\/25\/ar-brezhoneg-dre-an-hentou-treuz\/\">Lire la suite<span class=\"screen-reader-text\"> Lire la suite<\/span><\/a><\/p>\n","protected":false},"author":2,"featured_media":0,"comment_status":"open","ping_status":"closed","sticky":false,"template":"","format":"standard","meta":{"footnotes":""},"categories":[2],"tags":[53,52],"class_list":["post-238","post","type-post","status-publish","format-standard","hentry","category-kelou","tag-stage","tag-staj"],"_links":{"self":[{"href":"https:\/\/www.brezhonegbrovear.bzh\/blog\/wp-json\/wp\/v2\/posts\/238","targetHints":{"allow":["GET"]}}],"collection":[{"href":"https:\/\/www.brezhonegbrovear.bzh\/blog\/wp-json\/wp\/v2\/posts"}],"about":[{"href":"https:\/\/www.brezhonegbrovear.bzh\/blog\/wp-json\/wp\/v2\/types\/post"}],"author":[{"embeddable":true,"href":"https:\/\/www.brezhonegbrovear.bzh\/blog\/wp-json\/wp\/v2\/users\/2"}],"replies":[{"embeddable":true,"href":"https:\/\/www.brezhonegbrovear.bzh\/blog\/wp-json\/wp\/v2\/comments?post=238"}],"version-history":[{"count":4,"href":"https:\/\/www.brezhonegbrovear.bzh\/blog\/wp-json\/wp\/v2\/posts\/238\/revisions"}],"predecessor-version":[{"id":257,"href":"https:\/\/www.brezhonegbrovear.bzh\/blog\/wp-json\/wp\/v2\/posts\/238\/revisions\/257"}],"wp:attachment":[{"href":"https:\/\/www.brezhonegbrovear.bzh\/blog\/wp-json\/wp\/v2\/media?parent=238"}],"wp:term":[{"taxonomy":"category","embeddable":true,"href":"https:\/\/www.brezhonegbrovear.bzh\/blog\/wp-json\/wp\/v2\/categories?post=238"},{"taxonomy":"post_tag","embeddable":true,"href":"https:\/\/www.brezhonegbrovear.bzh\/blog\/wp-json\/wp\/v2\/tags?post=238"}],"curies":[{"name":"wp","href":"https:\/\/api.w.org\/{rel}","templated":true}]}}