{"id":436,"date":"2023-01-29T12:21:16","date_gmt":"2023-01-29T11:21:16","guid":{"rendered":"https:\/\/www.brezhonegbrovear.bzh\/blog\/?p=436"},"modified":"2023-01-29T12:21:16","modified_gmt":"2023-01-29T11:21:16","slug":"mont-a-ra-war-raok-an-hlbi-en-treger","status":"publish","type":"post","link":"https:\/\/www.brezhonegbrovear.bzh\/blog\/2023\/01\/29\/mont-a-ra-war-raok-an-hlbi-en-treger\/","title":{"rendered":"Mont a ra war-raok an HLBI en Treger"},"content":{"rendered":"\n<p>En 59 farrouz eo boulc&rsquo;het al labour, kazi achu en ul lodenn vat anezhe. Derc&rsquo;hen a ra an trao\u00f9 da vont war-raok ! <\/p>\n\n\n<div class=\"wp-block-image\">\n<figure class=\"aligncenter size-full is-resized\"><img loading=\"lazy\" decoding=\"async\" src=\"https:\/\/www.brezhonegbrovear.bzh\/blog\/wp-content\/uploads\/2023\/01\/image.png\" alt=\"\" class=\"wp-image-437\" width=\"654\" height=\"595\" srcset=\"https:\/\/www.brezhonegbrovear.bzh\/blog\/wp-content\/uploads\/2023\/01\/image.png 1024w, https:\/\/www.brezhonegbrovear.bzh\/blog\/wp-content\/uploads\/2023\/01\/image-300x273.png 300w, https:\/\/www.brezhonegbrovear.bzh\/blog\/wp-content\/uploads\/2023\/01\/image-768x699.png 768w, https:\/\/www.brezhonegbrovear.bzh\/blog\/wp-content\/uploads\/2023\/01\/image-297x270.png 297w\" sizes=\"auto, (max-width: 654px) 100vw, 654px\" \/><\/figure>\n<\/div>\n\n\n<!--more-->\n\n\n\n<p>Nevez zo e oan en Kerborzh, war an aod, lec&rsquo;h e oa graet un tamm emvod en ti-k\u00ear evit lakat brezhonegerien a-vihanig ar barrouz da distaga\u00f1 an anvio\u00f9-lec&rsquo;hio\u00f9. Eno e oa Fernande ar Bever, Marie-Claude Meurig, Alice ha Marcel ar Piwant. Trugarez dezhe !<\/p>\n\n\n\n<p>Sellit aze ar pennado\u00f9 :<\/p>\n\n\n\n<p><a href=\"https:\/\/www.letelegramme.fr\/cotes-darmor\/kerbors\/les-memoires-vives-de-kerbors-au-taquet-pour-bien-prononcer-les-lieux-dits-en-breton-20-01-2023-13262280.php\">Le T\u00e9l\u00e9gramme<\/a><\/p>\n\n\n\n<p><a href=\"https:\/\/www.ouest-france.fr\/bretagne\/kerbors-22610\/ils-aident-a-retrouver-la-prononciation-des-lieux-bretons-b9b71d22-3617-4722-8231-12572f6de1b2\">Ouest-France<\/a> <\/p>\n\n\n\n<p><\/p>\n","protected":false},"excerpt":{"rendered":"<p>En 59 farrouz eo boulc&rsquo;het al labour, kazi achu en ul lodenn vat anezhe. Derc&rsquo;hen a ra an trao\u00f9 da vont war-raok !<\/p>\n","protected":false},"author":2,"featured_media":0,"comment_status":"open","ping_status":"closed","sticky":false,"template":"","format":"standard","meta":{"footnotes":""},"categories":[1],"tags":[83,88,89],"class_list":["post-436","post","type-post","status-publish","format-standard","hentry","category-non-classe","tag-hlbi","tag-kerborzh","tag-toponomiezh"],"_links":{"self":[{"href":"https:\/\/www.brezhonegbrovear.bzh\/blog\/wp-json\/wp\/v2\/posts\/436","targetHints":{"allow":["GET"]}}],"collection":[{"href":"https:\/\/www.brezhonegbrovear.bzh\/blog\/wp-json\/wp\/v2\/posts"}],"about":[{"href":"https:\/\/www.brezhonegbrovear.bzh\/blog\/wp-json\/wp\/v2\/types\/post"}],"author":[{"embeddable":true,"href":"https:\/\/www.brezhonegbrovear.bzh\/blog\/wp-json\/wp\/v2\/users\/2"}],"replies":[{"embeddable":true,"href":"https:\/\/www.brezhonegbrovear.bzh\/blog\/wp-json\/wp\/v2\/comments?post=436"}],"version-history":[{"count":2,"href":"https:\/\/www.brezhonegbrovear.bzh\/blog\/wp-json\/wp\/v2\/posts\/436\/revisions"}],"predecessor-version":[{"id":439,"href":"https:\/\/www.brezhonegbrovear.bzh\/blog\/wp-json\/wp\/v2\/posts\/436\/revisions\/439"}],"wp:attachment":[{"href":"https:\/\/www.brezhonegbrovear.bzh\/blog\/wp-json\/wp\/v2\/media?parent=436"}],"wp:term":[{"taxonomy":"category","embeddable":true,"href":"https:\/\/www.brezhonegbrovear.bzh\/blog\/wp-json\/wp\/v2\/categories?post=436"},{"taxonomy":"post_tag","embeddable":true,"href":"https:\/\/www.brezhonegbrovear.bzh\/blog\/wp-json\/wp\/v2\/tags?post=436"}],"curies":[{"name":"wp","href":"https:\/\/api.w.org\/{rel}","templated":true}]}}