{"id":455,"date":"2024-02-01T20:50:51","date_gmt":"2024-02-01T19:50:51","guid":{"rendered":"https:\/\/www.brezhonegbrovear.bzh\/blog\/?p=455"},"modified":"2024-02-01T20:53:18","modified_gmt":"2024-02-01T19:53:18","slug":"16-02-prezegenn-diwar-ar-jeorji-conference-sur-la-georgie","status":"publish","type":"post","link":"https:\/\/www.brezhonegbrovear.bzh\/blog\/2024\/02\/01\/16-02-prezegenn-diwar-ar-jeorji-conference-sur-la-georgie\/","title":{"rendered":"16\/02 : Prezegenn diwar ar Jeorji hag an Armeni \/ Conf\u00e9rence sur la G\u00e9orgie et l&rsquo;Arm\u00e9nie"},"content":{"rendered":"<div class=\"wp-block-image\">\n<figure class=\"aligncenter size-full is-resized\"><img loading=\"lazy\" decoding=\"async\" width=\"617\" height=\"878\" src=\"https:\/\/www.brezhonegbrovear.bzh\/blog\/wp-content\/uploads\/2024\/02\/image.png\" alt=\"\" class=\"wp-image-458\" style=\"aspect-ratio:0.7027334851936219;width:326px;height:auto\" srcset=\"https:\/\/www.brezhonegbrovear.bzh\/blog\/wp-content\/uploads\/2024\/02\/image.png 617w, https:\/\/www.brezhonegbrovear.bzh\/blog\/wp-content\/uploads\/2024\/02\/image-211x300.png 211w, https:\/\/www.brezhonegbrovear.bzh\/blog\/wp-content\/uploads\/2024\/02\/image-190x270.png 190w\" sizes=\"auto, (max-width: 617px) 100vw, 617px\" \/><\/figure>\n<\/div>\n\n\n<!--more-->\n\n\n\n<p><strong>BEAR&nbsp;: Prezegenn en brezhoneg gant ar gevredigezh Hent Don<\/strong><\/p>\n\n\n\n<p>Ar Jeorji hag an Armeni, gant Juluan ar C\u2019hozh<\/p>\n\n\n\n<p>A-baouez tremen ur bloavezh en Jeorji ema\u00f1 Juluan ar C\u2019hozh, hag amzer \u2018neus bet da welet a-bep-sort trao\u00f9 eveek, kerio\u00f9 bras ha bihan, menezio\u00f9 ha lec\u2019hio\u00f9 naturel brav. Ur vro gaer eo, ha diskwel a rey kement-ma\u00f1 gant poltrejo\u00f9 ha \u2018neus bet tapet eno (hag en Armeni, lec\u2019h eo bet oc\u2019h ober un tamm tro). Komz a rey ivez deus ar vuhez er broio\u00f9-se, deus ar yezho\u00f9 a vez kaozeet eno, deus boued ha deus sevenadur&#8230; ha deus an darempredo\u00f9 \u2018neus ar Jeorji gant e amezeien (ar Rusi en o mesk) en deiz-a-herie.&nbsp;<\/p>\n\n\n\n<p><strong>Digor d\u2019an holl hag evit mann eo ar brezegenn. D\u2019ar gwener 16 a viz C\u2019hwevrer, da 20h00, e vo delc\u2019het ar brezegenn, e sal ar c\u2019hevredigezhio\u00f9 (e-kichen ar vediaoueg) en Bear.<\/strong><\/p>\n\n\n\n<p><strong><em>BEAR&nbsp;(BEGARD) : Conf\u00e9rence en breton organis\u00e9e par l\u2019association Hent Don<\/em><\/strong><\/p>\n\n\n\n<p><em>La G\u00e9orgie et l\u2019Arm\u00e9nie, par Julien Le Coz<\/em><\/p>\n\n\n\n<p><em>C\u2019est une ann\u00e9e enti\u00e8re que Julien Le Coz vient de passer en G\u00e9orgie, ann\u00e9e lors de laquelle il a eu l\u2019occasion de voir divers lieux remarquables, entre grandes et petites villes, montagnes et sites naturels. Il nous montrera la beaut\u00e9 du pays (et de l\u2019Arm\u00e9nie, pays o\u00f9 il a s\u00e9journ\u00e9 quelques temps), \u00e0 l\u2019aide d\u2019un diaporama. Ce sera l\u2019occasion d\u2019\u00e9voquer la vie dans ces pays, les langues qui y sont usit\u00e9es, les particularit\u00e9s culturelles et culinaires&#8230; ainsi que les rapports qu\u2019entretient la G\u00e9orgie aujourd\u2019hui avec ses diff\u00e9rents voisins (dont la Russie). &nbsp;<\/em><\/p>\n\n\n\n<p><strong><em>La conf\u00e9rence est en breton. Elle est gratuite et ouverte \u00e0 tous. Elle se d\u00e9roulera le vendredi 16 f\u00e9vrier \u00e0 20h00, \u00e0 la salle de r\u00e9union des associations (\u00e0 c\u00f4t\u00e9 de la m\u00e9diath\u00e8que) de Bear. <\/em><\/strong><em><\/em><\/p>\n","protected":false},"excerpt":{"rendered":"","protected":false},"author":2,"featured_media":0,"comment_status":"open","ping_status":"closed","sticky":false,"template":"","format":"standard","meta":{"footnotes":""},"categories":[41],"tags":[97,96,99,98],"class_list":["post-455","post","type-post","status-publish","format-standard","hentry","category-kaozeadennou-causeries","tag-armeni","tag-jeorji","tag-juluan-ar-chozh","tag-prezegenn"],"_links":{"self":[{"href":"https:\/\/www.brezhonegbrovear.bzh\/blog\/wp-json\/wp\/v2\/posts\/455","targetHints":{"allow":["GET"]}}],"collection":[{"href":"https:\/\/www.brezhonegbrovear.bzh\/blog\/wp-json\/wp\/v2\/posts"}],"about":[{"href":"https:\/\/www.brezhonegbrovear.bzh\/blog\/wp-json\/wp\/v2\/types\/post"}],"author":[{"embeddable":true,"href":"https:\/\/www.brezhonegbrovear.bzh\/blog\/wp-json\/wp\/v2\/users\/2"}],"replies":[{"embeddable":true,"href":"https:\/\/www.brezhonegbrovear.bzh\/blog\/wp-json\/wp\/v2\/comments?post=455"}],"version-history":[{"count":3,"href":"https:\/\/www.brezhonegbrovear.bzh\/blog\/wp-json\/wp\/v2\/posts\/455\/revisions"}],"predecessor-version":[{"id":460,"href":"https:\/\/www.brezhonegbrovear.bzh\/blog\/wp-json\/wp\/v2\/posts\/455\/revisions\/460"}],"wp:attachment":[{"href":"https:\/\/www.brezhonegbrovear.bzh\/blog\/wp-json\/wp\/v2\/media?parent=455"}],"wp:term":[{"taxonomy":"category","embeddable":true,"href":"https:\/\/www.brezhonegbrovear.bzh\/blog\/wp-json\/wp\/v2\/categories?post=455"},{"taxonomy":"post_tag","embeddable":true,"href":"https:\/\/www.brezhonegbrovear.bzh\/blog\/wp-json\/wp\/v2\/tags?post=455"}],"curies":[{"name":"wp","href":"https:\/\/api.w.org\/{rel}","templated":true}]}}