{"id":482,"date":"2024-09-29T23:05:19","date_gmt":"2024-09-29T21:05:19","guid":{"rendered":"https:\/\/www.brezhonegbrovear.bzh\/blog\/?p=482"},"modified":"2024-09-29T23:05:19","modified_gmt":"2024-09-29T21:05:19","slug":"28-09-bear-priz-herve-ar-menn-2024","status":"publish","type":"post","link":"https:\/\/www.brezhonegbrovear.bzh\/blog\/2024\/09\/29\/28-09-bear-priz-herve-ar-menn-2024\/","title":{"rendered":"28\/09 (BEAR) : Priz Herve ar Menn 2024"},"content":{"rendered":"\n<figure class=\"wp-block-image size-full\"><img loading=\"lazy\" decoding=\"async\" width=\"720\" height=\"540\" src=\"https:\/\/www.brezhonegbrovear.bzh\/blog\/wp-content\/uploads\/2024\/09\/PHAM2024.jpg\" alt=\"\" class=\"wp-image-483\" srcset=\"https:\/\/www.brezhonegbrovear.bzh\/blog\/wp-content\/uploads\/2024\/09\/PHAM2024.jpg 720w, https:\/\/www.brezhonegbrovear.bzh\/blog\/wp-content\/uploads\/2024\/09\/PHAM2024-300x225.jpg 300w, https:\/\/www.brezhonegbrovear.bzh\/blog\/wp-content\/uploads\/2024\/09\/PHAM2024-360x270.jpg 360w\" sizes=\"auto, (max-width: 720px) 100vw, 720px\" \/><\/figure>\n\n\n\n<!--more-->\n\n\n\n<p>D\u2019an 28 a viz Gwengolo \u2018meus bet an enor, evel prezidant ar gevredigezh Hent Don, deus Bear, da resev priz Herve ar Menn 2024 digant an Entente Culturelle Bretonne.<\/p>\n\n\n\n<p>Deut eo al lore ganimp hag ar wech kenta\u00f1 eo dimp&nbsp;! Han-se \u2018meump profitet deus an degouezh evit ober an trao\u00f9 war an ton bras.<\/p>\n\n\n\n<p>Koma\u00f1set e oa al lid e fin ar beurevezh e sal an Amzer Libr en Bear. An aotrou Maer Visant ar C\u2019hlec\u2019h, ar Senatrisez Annig ar C\u2019hwerv hag ar C\u2019huzulier Departamant Joel Fulup \u2018deva graet bep a damm kaoz evit enori\u00f1 hom obererezhio\u00f9, dirak un tregont bennaket a dud. Kemend-all \u2018neva graet Serj Nikolaz, prezidant an Entente Culturelle Bretonne, a-raok rei\u00f1 dimp un asied kaer deus faia\u00f1serezh Kemper hag ur chekenn.<\/p>\n\n\n\n<p>Delc\u2019het \u2018deva an trao\u00f9 goude-merenn gant ur weladenn deus Kouent Bear evit izili Hent Don hag an Entente Culturelle Bretonne. En brezhoneg e oa bet kaset ar gaoz gant Ivo\u00f1 ar Gareg, deus an Association Culturelle du Bon Sauveur.<\/p>\n\n\n\n<figure class=\"wp-block-image size-large\"><img loading=\"lazy\" decoding=\"async\" width=\"1024\" height=\"768\" src=\"https:\/\/www.brezhonegbrovear.bzh\/blog\/wp-content\/uploads\/2024\/09\/IMG_20240928_154423-1024x768.jpg\" alt=\"\" class=\"wp-image-484\" srcset=\"https:\/\/www.brezhonegbrovear.bzh\/blog\/wp-content\/uploads\/2024\/09\/IMG_20240928_154423-1024x768.jpg 1024w, https:\/\/www.brezhonegbrovear.bzh\/blog\/wp-content\/uploads\/2024\/09\/IMG_20240928_154423-300x225.jpg 300w, https:\/\/www.brezhonegbrovear.bzh\/blog\/wp-content\/uploads\/2024\/09\/IMG_20240928_154423-768x576.jpg 768w, https:\/\/www.brezhonegbrovear.bzh\/blog\/wp-content\/uploads\/2024\/09\/IMG_20240928_154423-1536x1152.jpg 1536w, https:\/\/www.brezhonegbrovear.bzh\/blog\/wp-content\/uploads\/2024\/09\/IMG_20240928_154423-2048x1536.jpg 2048w, https:\/\/www.brezhonegbrovear.bzh\/blog\/wp-content\/uploads\/2024\/09\/IMG_20240928_154423-360x270.jpg 360w\" sizes=\"auto, (max-width: 1024px) 100vw, 1024px\" \/><\/figure>\n\n\n\n<p>D\u2019achui\u00f1 an devezh e oa bet pedet kanerien, sonerien ha konterien deus a Vro-Dreger (ha pelloc\u2019h ivez) d\u2019anima\u00f1 \u00ab&nbsp;ar veilhadeg vrezhonek&nbsp;\u00bb d\u2019abardaez. Un tri-ugent bennaket a dud a oa deut da c\u2019hoarzhin ha da gemer plijadur gant yezh ha sevenadur ar vro.<\/p>\n\n\n\n<p>Trugarez d\u2019an holl \u2018neuint kemeret perzh ha \u2018neuint sikouret ac\u2019hanomp en devezh brav-se&nbsp;!<\/p>\n\n\n\n<p>Tangi YEKEL<\/p>\n\n\n\n<p><strong><u><em>Le Prix Herv\u00e9 Le Menn 2024 remis \u00e0 Hent Don<\/em><\/u><\/strong><\/p>\n\n\n\n<p><em>Le 28 septembre, j\u2019ai eu l\u2019honneur, en tant que pr\u00e9sident de l\u2019association b\u00e9garroise Hent Don, de recevoir le prix Herv\u00e9 Le Menn 2024 de la part de l\u2019Entente Culturelle Bretonne.<\/em><\/p>\n\n\n\n<p><em>Un programme sp\u00e9cial avait \u00e9t\u00e9 pr\u00e9vu pour l\u2019occasion.<\/em><\/p>\n\n\n\n<p><em>La c\u00e9r\u00e9monie a commenc\u00e9 \u00e0 la salle du Temps Libre \u00e0 Bear. Le Maire Vincent Clec\u2019h, la S\u00e9natrice Annie Le Hou\u00e9rou et le Conseiller D\u00e9partemental Jo\u00ebl Philippe ont chacun mis en valeur notre action, devant un public d\u2019une trentaine de personnes. Serge Nicolas, pr\u00e9sident de l\u2019Entente Culturelle Bretonne, nous a f\u00e9licit\u00e9 pour nos r\u00e9alisations et nous a remis le prix\u00a0: une assiette personnalis\u00e9e de la fa\u00efencerie de Kemper et un ch\u00e8que. \u00a0<\/em><\/p>\n\n\n\n<p><em>Les festivit\u00e9s se sont poursuivies l\u2019apr\u00e8s-midi avec une visite de l\u2019abbaye du Bon-Sauveur pour les membres des associations Hent Don et Entente Culturelle Bretonne. Elle a \u00e9t\u00e9 men\u00e9e par Yvon Garrec, de l\u2019Association Culturelle du Bon Sauveur.<\/em><\/p>\n\n\n\n<p><em>Une \u00ab\u00a0veill\u00e9e bretonne\u00a0\u00bb est venue cl\u00f4turer la journ\u00e9e, avec des chanteurs, des musiciens et des conteurs du Tr\u00e9gor (et au-del\u00e0) invit\u00e9s pour l\u2019occasion. Une soixantaine de personnes sont ainsi venues rire et prendre du plaisir avec la langue et la culture du pays.<\/em><\/p>\n\n\n\n<figure class=\"wp-block-image size-large\"><img loading=\"lazy\" decoding=\"async\" width=\"1024\" height=\"768\" src=\"https:\/\/www.brezhonegbrovear.bzh\/blog\/wp-content\/uploads\/2024\/09\/IMG_20240928_183232-1024x768.jpg\" alt=\"\" class=\"wp-image-485\" srcset=\"https:\/\/www.brezhonegbrovear.bzh\/blog\/wp-content\/uploads\/2024\/09\/IMG_20240928_183232-1024x768.jpg 1024w, https:\/\/www.brezhonegbrovear.bzh\/blog\/wp-content\/uploads\/2024\/09\/IMG_20240928_183232-300x225.jpg 300w, https:\/\/www.brezhonegbrovear.bzh\/blog\/wp-content\/uploads\/2024\/09\/IMG_20240928_183232-768x576.jpg 768w, https:\/\/www.brezhonegbrovear.bzh\/blog\/wp-content\/uploads\/2024\/09\/IMG_20240928_183232-1536x1152.jpg 1536w, https:\/\/www.brezhonegbrovear.bzh\/blog\/wp-content\/uploads\/2024\/09\/IMG_20240928_183232-2048x1536.jpg 2048w, https:\/\/www.brezhonegbrovear.bzh\/blog\/wp-content\/uploads\/2024\/09\/IMG_20240928_183232-360x270.jpg 360w\" sizes=\"auto, (max-width: 1024px) 100vw, 1024px\" \/><\/figure>\n\n\n\n<p><em>Merci \u00e0 tous les participants et aux amis de Hent Don pour cette belle journ\u00e9e\u00a0!<\/em><\/p>\n\n\n\n<p><em>Tangi GICQUEL<\/em><\/p>\n","protected":false},"excerpt":{"rendered":"","protected":false},"author":2,"featured_media":0,"comment_status":"open","ping_status":"closed","sticky":false,"template":"","format":"standard","meta":{"footnotes":""},"categories":[2],"tags":[50,108,107,51],"class_list":["post-482","post","type-post","status-publish","format-standard","hentry","category-kelou","tag-beilhadeg","tag-prix-herve-le-menn","tag-priz-herve-ar-menn","tag-veillee"],"_links":{"self":[{"href":"https:\/\/www.brezhonegbrovear.bzh\/blog\/wp-json\/wp\/v2\/posts\/482","targetHints":{"allow":["GET"]}}],"collection":[{"href":"https:\/\/www.brezhonegbrovear.bzh\/blog\/wp-json\/wp\/v2\/posts"}],"about":[{"href":"https:\/\/www.brezhonegbrovear.bzh\/blog\/wp-json\/wp\/v2\/types\/post"}],"author":[{"embeddable":true,"href":"https:\/\/www.brezhonegbrovear.bzh\/blog\/wp-json\/wp\/v2\/users\/2"}],"replies":[{"embeddable":true,"href":"https:\/\/www.brezhonegbrovear.bzh\/blog\/wp-json\/wp\/v2\/comments?post=482"}],"version-history":[{"count":2,"href":"https:\/\/www.brezhonegbrovear.bzh\/blog\/wp-json\/wp\/v2\/posts\/482\/revisions"}],"predecessor-version":[{"id":487,"href":"https:\/\/www.brezhonegbrovear.bzh\/blog\/wp-json\/wp\/v2\/posts\/482\/revisions\/487"}],"wp:attachment":[{"href":"https:\/\/www.brezhonegbrovear.bzh\/blog\/wp-json\/wp\/v2\/media?parent=482"}],"wp:term":[{"taxonomy":"category","embeddable":true,"href":"https:\/\/www.brezhonegbrovear.bzh\/blog\/wp-json\/wp\/v2\/categories?post=482"},{"taxonomy":"post_tag","embeddable":true,"href":"https:\/\/www.brezhonegbrovear.bzh\/blog\/wp-json\/wp\/v2\/tags?post=482"}],"curies":[{"name":"wp","href":"https:\/\/api.w.org\/{rel}","templated":true}]}}