{"id":490,"date":"2024-11-12T22:26:35","date_gmt":"2024-11-12T21:26:35","guid":{"rendered":"https:\/\/www.brezhonegbrovear.bzh\/blog\/?p=490"},"modified":"2024-11-12T22:26:35","modified_gmt":"2024-11-12T21:26:35","slug":"29-11-beilhadeg-en-trezelan-veillee-a-trezelan","status":"publish","type":"post","link":"https:\/\/www.brezhonegbrovear.bzh\/blog\/2024\/11\/12\/29-11-beilhadeg-en-trezelan-veillee-a-trezelan\/","title":{"rendered":"29\/11 : Beilhadeg en Trezelan \/ Veill\u00e9e \u00e0 Trezelan"},"content":{"rendered":"<div class=\"wp-block-image\">\n<figure class=\"aligncenter size-large is-resized\"><img loading=\"lazy\" decoding=\"async\" width=\"724\" height=\"1024\" src=\"https:\/\/www.brezhonegbrovear.bzh\/blog\/wp-content\/uploads\/2024\/11\/beilhadeg_20241129-724x1024.jpg\" alt=\"\" class=\"wp-image-492\" style=\"aspect-ratio:0.70703125;width:352px;height:auto\" srcset=\"https:\/\/www.brezhonegbrovear.bzh\/blog\/wp-content\/uploads\/2024\/11\/beilhadeg_20241129-724x1024.jpg 724w, https:\/\/www.brezhonegbrovear.bzh\/blog\/wp-content\/uploads\/2024\/11\/beilhadeg_20241129-212x300.jpg 212w, https:\/\/www.brezhonegbrovear.bzh\/blog\/wp-content\/uploads\/2024\/11\/beilhadeg_20241129-768x1086.jpg 768w, https:\/\/www.brezhonegbrovear.bzh\/blog\/wp-content\/uploads\/2024\/11\/beilhadeg_20241129-191x270.jpg 191w, https:\/\/www.brezhonegbrovear.bzh\/blog\/wp-content\/uploads\/2024\/11\/beilhadeg_20241129.jpg 800w\" sizes=\"auto, (max-width: 724px) 100vw, 724px\" \/><\/figure>\n<\/div>\n\n\n<!--more-->\n\n\n\n<p><em>(en fran\u00e7ais plus bas)<\/em><\/p>\n\n\n\n<p><strong>BEAR&nbsp;: Beilhadeg Trezelan<\/strong><\/p>\n\n\n\n<p>\u00ab Kas koad d\u2019an ti, kas koad d\u2019an ti, arri eo an amzer gri ! \u00bb eme an drask. Un tamm plijadur &lsquo;zo da veza\u00f1 memes tra en ur vont etreneg goa\u00f1v gant ar veilhadeg Trezelan (Bear). Klevet &lsquo;vo yezh ha tonio\u00f9 ar vro d\u2019ar gwener 29 a viz Du gant konterien, kanerien ha sonerien pedet da dont gant ar gevredigezh Hent Don : Yannig Dabo, Remi Gallou, Ifig &amp; Nanda Troadeg, Roje Buzulier, Patrick Gwerniou&#8230;<br>Digor &lsquo;vo al leurenn. An hini &lsquo;no c&rsquo;hoant da gonta\u00f1, da gana\u00f1 pe da son &lsquo;l\u00e2ro !<\/p>\n\n\n\n<p><strong>D\u2019ar gwener 29 a viz Du, adalek 20h30, e sal gouelio\u00f9 Trezelan. Evit mann ha digor d\u2019an holl.<\/strong><\/p>\n\n\n\n<p><strong><em>BEAR&nbsp;(BEGARD) : Veill\u00e9e bretonne \u00e0 Trezelan<\/em><\/strong><\/p>\n\n\n\n<p><em>L&rsquo;arriv\u00e9e de l&rsquo;hiver s&rsquo;accompagne de la reprise des veill\u00e9es bretonnes, dont celle de Trezelan (B\u00e9gard) avec la pr\u00e9sence de conteurs, chanteurs et musiciens du Tr\u00e9gor invit\u00e9s par l&rsquo;association Hent Don : Yannig Dabo, R\u00e9mi Gallou, Ifig &amp; Nanda Troadeg, Roger Buzulier, Patrick Guerniou&#8230;<\/em> <em>Ils \u00a0partageront avec plaisir un bout de la culture bretonne \u00e0 travers la langue et les airs musicaux du pays.<br>La sc\u00e8ne est ouverte au quidam qui souhaiterait chanter, conter ou jouer d\u2019un instrument.<\/em><\/p>\n\n\n\n<p><strong><em>Le vendredi 29 novembre \u00e0 partir de 20h30 \u00e0 la salle des f\u00eates de Trezelan (Bear). Gratuit et ouvert \u00e0 tous.<\/em><\/strong><\/p>\n","protected":false},"excerpt":{"rendered":"","protected":false},"author":2,"featured_media":0,"comment_status":"open","ping_status":"closed","sticky":false,"template":"","format":"standard","meta":{"footnotes":""},"categories":[2],"tags":[50,109,57,51],"class_list":["post-490","post","type-post","status-publish","format-standard","hentry","category-kelou","tag-beilhadeg","tag-brezhoneg","tag-trezelan","tag-veillee"],"_links":{"self":[{"href":"https:\/\/www.brezhonegbrovear.bzh\/blog\/wp-json\/wp\/v2\/posts\/490","targetHints":{"allow":["GET"]}}],"collection":[{"href":"https:\/\/www.brezhonegbrovear.bzh\/blog\/wp-json\/wp\/v2\/posts"}],"about":[{"href":"https:\/\/www.brezhonegbrovear.bzh\/blog\/wp-json\/wp\/v2\/types\/post"}],"author":[{"embeddable":true,"href":"https:\/\/www.brezhonegbrovear.bzh\/blog\/wp-json\/wp\/v2\/users\/2"}],"replies":[{"embeddable":true,"href":"https:\/\/www.brezhonegbrovear.bzh\/blog\/wp-json\/wp\/v2\/comments?post=490"}],"version-history":[{"count":1,"href":"https:\/\/www.brezhonegbrovear.bzh\/blog\/wp-json\/wp\/v2\/posts\/490\/revisions"}],"predecessor-version":[{"id":493,"href":"https:\/\/www.brezhonegbrovear.bzh\/blog\/wp-json\/wp\/v2\/posts\/490\/revisions\/493"}],"wp:attachment":[{"href":"https:\/\/www.brezhonegbrovear.bzh\/blog\/wp-json\/wp\/v2\/media?parent=490"}],"wp:term":[{"taxonomy":"category","embeddable":true,"href":"https:\/\/www.brezhonegbrovear.bzh\/blog\/wp-json\/wp\/v2\/categories?post=490"},{"taxonomy":"post_tag","embeddable":true,"href":"https:\/\/www.brezhonegbrovear.bzh\/blog\/wp-json\/wp\/v2\/tags?post=490"}],"curies":[{"name":"wp","href":"https:\/\/api.w.org\/{rel}","templated":true}]}}