{"id":497,"date":"2025-11-05T21:58:34","date_gmt":"2025-11-05T20:58:34","guid":{"rendered":"https:\/\/www.brezhonegbrovear.bzh\/blog\/?p=497"},"modified":"2025-11-05T21:58:34","modified_gmt":"2025-11-05T20:58:34","slug":"28-11-beilhadeg-en-trezelan-veillee-a-trezelan","status":"publish","type":"post","link":"https:\/\/www.brezhonegbrovear.bzh\/blog\/2025\/11\/05\/28-11-beilhadeg-en-trezelan-veillee-a-trezelan\/","title":{"rendered":"28\/11 : Beilhadeg en Trezelan \/ Veill\u00e9e \u00e0 Trezelan"},"content":{"rendered":"<div class=\"wp-block-image\">\n<figure class=\"aligncenter size-large is-resized\"><img loading=\"lazy\" decoding=\"async\" width=\"1024\" height=\"683\" src=\"https:\/\/www.brezhonegbrovear.bzh\/blog\/wp-content\/uploads\/2025\/11\/IMG_0603-1-1024x683.jpg\" alt=\"\" class=\"wp-image-500\" style=\"aspect-ratio:1.499267935578331;width:421px;height:auto\" srcset=\"https:\/\/www.brezhonegbrovear.bzh\/blog\/wp-content\/uploads\/2025\/11\/IMG_0603-1-1024x683.jpg 1024w, https:\/\/www.brezhonegbrovear.bzh\/blog\/wp-content\/uploads\/2025\/11\/IMG_0603-1-300x200.jpg 300w, https:\/\/www.brezhonegbrovear.bzh\/blog\/wp-content\/uploads\/2025\/11\/IMG_0603-1-768x512.jpg 768w, https:\/\/www.brezhonegbrovear.bzh\/blog\/wp-content\/uploads\/2025\/11\/IMG_0603-1-1536x1024.jpg 1536w, https:\/\/www.brezhonegbrovear.bzh\/blog\/wp-content\/uploads\/2025\/11\/IMG_0603-1-2048x1365.jpg 2048w, https:\/\/www.brezhonegbrovear.bzh\/blog\/wp-content\/uploads\/2025\/11\/IMG_0603-1-405x270.jpg 405w\" sizes=\"auto, (max-width: 1024px) 100vw, 1024px\" \/><\/figure>\n<\/div>\n\n\n<!--more-->\n\n\n\n<p><em>(en fran\u00e7ais plus bas)<\/em><\/p>\n\n\n\n<p><strong>BEAR\u00a0: Beilhadeg Trezelan<\/strong><\/p>\n\n\n\n<p>Ur wech e oa, ur wech e vo, koma\u00f1samant an holl gaojo&#8230; Me zo o vont da gonta\u00f1 dac\u2019h istoar beilhadego\u00f9 Trezelan&#8230; Feiz, pa so\u00f1jan, re hir e vefe an istoar-se da gonta\u00f1 ama\u00f1 \u2019meus aon. So\u00f1j dac\u2019h, hom seizhet beilhadeg an hini e vo evit bloaz, d\u2019ar Gwener 28 a viz Du ! Gwella\u00f1 tra \u2019peus d\u2019ober neuze \u2019h eo dont an deiz-se da Drezelan da welet penaos e vo kont. Evel bep bloaz e vo klevet ar gonterien, ar ganerien hag ar sonerien pedet gant ar gevredigezh Hent Don. Deuit \u2019ta da selaou o siklezono\u00f9, o sonio\u00f9 hag o zonio\u00f9&#8230; Plijadur a vo evit an holl !<\/p>\n\n\n\n<p><strong>D\u2019ar gwener 28 a viz Du, adalek 20h30, e sal gouelio\u00f9 Trezelan. Evit mann ha digor d\u2019an holl.<\/strong><\/p>\n\n\n\n<p><strong><em>BEAR&nbsp;(BEGARD) : Veill\u00e9e bretonne \u00e0 Trezelan<\/em><\/strong><\/p>\n\n\n\n<p><em>Il \u00e9tait une fois les veill\u00e9es en breton de Trezelan&#8230; Je pensais vous les raconter toutes, mais tous comptes faits, je crois bien que ce serait trop long. Pensez donc, cette ann\u00e9e se tiendra notre septi\u00e8me veill\u00e9e, le vendredi 28 novembre ! Finalement, le mieux \u00e0 faire, c\u2019est de venir voir sur place le jour J, vous ne croyez pas ? Comme chaque ann\u00e9e, vous pourrez y entendre les conteurs, chanteurs et sonneurs invit\u00e9s par l\u2019association Hent Don. Venez donc \u00e9couter leurs histoires dr\u00f4les, leurs chansons et les morceaux musicaux&#8230; Ambiance et bonne humeur assur\u00e9es !<\/em><strong><em> <\/em><\/strong><\/p>\n\n\n\n<p><strong><em>Le vendredi 28 novembre \u00e0 partir de 20h30 \u00e0 la salle des f\u00eates de Trezelan (Bear). Gratuit et ouvert \u00e0 tous.<\/em><\/strong><\/p>\n","protected":false},"excerpt":{"rendered":"","protected":false},"author":2,"featured_media":0,"comment_status":"open","ping_status":"closed","sticky":false,"template":"","format":"standard","meta":{"footnotes":""},"categories":[2],"tags":[50,109,92,91,90],"class_list":["post-497","post","type-post","status-publish","format-standard","hentry","category-kelou","tag-beilhadeg","tag-brezhoneg","tag-kanaouennou","tag-kontadennou","tag-veillee-bretonne"],"_links":{"self":[{"href":"https:\/\/www.brezhonegbrovear.bzh\/blog\/wp-json\/wp\/v2\/posts\/497","targetHints":{"allow":["GET"]}}],"collection":[{"href":"https:\/\/www.brezhonegbrovear.bzh\/blog\/wp-json\/wp\/v2\/posts"}],"about":[{"href":"https:\/\/www.brezhonegbrovear.bzh\/blog\/wp-json\/wp\/v2\/types\/post"}],"author":[{"embeddable":true,"href":"https:\/\/www.brezhonegbrovear.bzh\/blog\/wp-json\/wp\/v2\/users\/2"}],"replies":[{"embeddable":true,"href":"https:\/\/www.brezhonegbrovear.bzh\/blog\/wp-json\/wp\/v2\/comments?post=497"}],"version-history":[{"count":1,"href":"https:\/\/www.brezhonegbrovear.bzh\/blog\/wp-json\/wp\/v2\/posts\/497\/revisions"}],"predecessor-version":[{"id":501,"href":"https:\/\/www.brezhonegbrovear.bzh\/blog\/wp-json\/wp\/v2\/posts\/497\/revisions\/501"}],"wp:attachment":[{"href":"https:\/\/www.brezhonegbrovear.bzh\/blog\/wp-json\/wp\/v2\/media?parent=497"}],"wp:term":[{"taxonomy":"category","embeddable":true,"href":"https:\/\/www.brezhonegbrovear.bzh\/blog\/wp-json\/wp\/v2\/categories?post=497"},{"taxonomy":"post_tag","embeddable":true,"href":"https:\/\/www.brezhonegbrovear.bzh\/blog\/wp-json\/wp\/v2\/tags?post=497"}],"curies":[{"name":"wp","href":"https:\/\/api.w.org\/{rel}","templated":true}]}}